{"id":9965,"date":"2015-09-01T22:54:06","date_gmt":"2015-09-02T01:54:06","guid":{"rendered":"http:\/\/rockandclick.cl\/?p=9965"},"modified":"2015-09-01T22:54:06","modified_gmt":"2015-09-02T01:54:06","slug":"zakk-wylde","status":"publish","type":"post","link":"https:\/\/rockandclick.cl\/zakk-wylde\/","title":{"rendered":"ZAKK WYLDE"},"content":{"rendered":"<p>[:es]Centro de Eventos Bellavista (Ex Oz), Santiago.<\/p>\n<p>&nbsp;<\/p>\n<p>Zakk Wylde: \u00cdntimo y ac\u00fastico<\/p>\n<p>El guitarrista Zakk Wylde \u2013ex Ozzy Osbourne \u2013 y l\u00edder de Black Label Society, regres\u00f3 a tierras chilenas para presentarse en la Ex Oz a tablero vuelto con un in\u00e9dito show ac\u00fastico en el marco de su gira \u201cAn Evening with Zakk Wylde\u201d.<\/p>\n<p>Luego de su paso por Brasil, Argentina y Uruguay, el guitarrista norteamericano brind\u00f3 un emotivo show \u2013solo para fan\u00e1ticos- de catorce canciones donde se dio tiempo para interpretar temas de Black Label Society como \u201cSuicide Messiah\u201d, \u201cIn This River\u201d y \u201cStillborn\u201d, adem\u00e1s de interpretar canciones de su alabado disco \u201cBook of Shadows\u201d (1996).<\/p>\n<p>En suma, un concierto inolvidable donde el multifac\u00e9tico m\u00fasico mostr\u00f3 su lado m\u00e1s \u00edntimo con una sobria presentaci\u00f3n que consisti\u00f3 en dos guitarras, un piano y su inconfundible voz.<\/p>\n<p>As\u00ed,\u00a0 Zakk Wylde demostr\u00f3 una vez m\u00e1s que ya sea con la guitarra en llamas, o en clave ac\u00fastica, \u201cLa Bestia\u201d siempre tiene lo que hay que tener cuando se trata de asumir desaf\u00edos creativos.<\/p>\n<p>Agosto 31, 2015<\/p>\n<p>Fotograf\u00eda: Juan Pablo Quiroz[:]<\/p>\n","protected":false},"excerpt":{"rendered":"<p>[:es]Centro de Eventos Bellavista (Ex Oz), Santiago. &nbsp; Zakk Wylde: \u00cdntimo y ac\u00fastico El guitarrista Zakk Wylde \u2013ex Ozzy Osbourne \u2013 y l\u00edder de Black Label Society, regres\u00f3 a tierras chilenas para presentarse en la Ex Oz a tablero vuelto con un in\u00e9dito show ac\u00fastico en el marco de su gira \u201cAn Evening with Zakk [&hellip;]<\/p>\n","protected":false},"author":2,"featured_media":0,"comment_status":"closed","ping_status":"closed","sticky":false,"template":"","format":"standard","meta":{"ngg_post_thumbnail":0,"footnotes":""},"categories":[3],"tags":[42,68,112,144],"class_list":["post-9965","post","type-post","status-publish","format-standard","hentry","category-galeria","tag-ex-oz","tag-juan-pablo-quiroz","tag-rock-and-click","tag-zakk-wylde"],"_links":{"self":[{"href":"https:\/\/rockandclick.cl\/wp-json\/wp\/v2\/posts\/9965","targetHints":{"allow":["GET"]}}],"collection":[{"href":"https:\/\/rockandclick.cl\/wp-json\/wp\/v2\/posts"}],"about":[{"href":"https:\/\/rockandclick.cl\/wp-json\/wp\/v2\/types\/post"}],"author":[{"embeddable":true,"href":"https:\/\/rockandclick.cl\/wp-json\/wp\/v2\/users\/2"}],"replies":[{"embeddable":true,"href":"https:\/\/rockandclick.cl\/wp-json\/wp\/v2\/comments?post=9965"}],"version-history":[{"count":0,"href":"https:\/\/rockandclick.cl\/wp-json\/wp\/v2\/posts\/9965\/revisions"}],"wp:attachment":[{"href":"https:\/\/rockandclick.cl\/wp-json\/wp\/v2\/media?parent=9965"}],"wp:term":[{"taxonomy":"category","embeddable":true,"href":"https:\/\/rockandclick.cl\/wp-json\/wp\/v2\/categories?post=9965"},{"taxonomy":"post_tag","embeddable":true,"href":"https:\/\/rockandclick.cl\/wp-json\/wp\/v2\/tags?post=9965"}],"curies":[{"name":"wp","href":"https:\/\/api.w.org\/{rel}","templated":true}]}}